{"id":28912,"date":"2023-09-22T09:09:18","date_gmt":"2023-09-22T12:09:18","guid":{"rendered":"https:\/\/algimediacao.com.br\/2021\/?p=28912"},"modified":"2023-10-27T14:53:03","modified_gmt":"2023-10-27T17:53:03","slug":"live-mediacao-na-recuperacao-de-empresas-em-pauta","status":"publish","type":"post","link":"https:\/\/algimediacao.com.br\/2021\/live-mediacao-na-recuperacao-de-empresas-em-pauta\/","title":{"rendered":"LIVE &#8211; MEDIA\u00c7\u00c3O NA RECUPERA\u00c7\u00c3O DE EMPRESAS EM PAUTA"},"content":{"rendered":"<section class=\"vc_row wpb_row vc_row-fluid  vc_custom_1693423277533 vc_row-has-fill\"><div class=\"wpb_column vc_column_container vc_col-sm-12  col-xs-mobile-fullwidth\"><div class=\"vc_column-inner \"><div class=\"wpb_wrapper\"><div class=\"last-paragraph-no-margin\"><p>LIVE &#8211; MEDIA\u00c7\u00c3O NA RECUPERA\u00c7\u00c3O DE EMPRESAS EM PAUTA, realizada no dia 20\/09\/2023.<\/p>\n<\/div><\/div><\/div><\/div><\/section><section class=\"vc_row wpb_row vc_row-fluid  vc_custom_1507696989698\"><div class=\"wpb_column vc_column_container  col-xs-mobile-fullwidth\"><div class=\"vc_column-inner \"><div class=\"wpb_wrapper\">[youtube video=&#8221;https:\/\/www.youtube.com\/watch?v=iB0zO44myUY&#8221; autohide=&#8221;Padr\u00e3o&#8221;]<div class=\"last-paragraph-no-margin\"><p>Gostou deste conte\u00fado, deixe seu coment\u00e1rio e nos ajude a compartilhar e difundir a cultura desses temas no Brasil e no mundo.<\/p>\n<p>Consulte outros cursos e palestras oferecidos pela <a href=\"https:\/\/algimediacao.com.br\/academia-algi\/\">\u00a0ALGI Media\u00e7\u00e3o<\/a><\/p>\n<\/div><\/div><\/div><\/div><\/section><section class=\"vc_row wpb_row vc_row-fluid  vc_custom_1693426739950 vc_row-has-fill\"><div class=\"wpb_column vc_column_container vc_col-sm-12  col-xs-mobile-fullwidth\"><div class=\"vc_column-inner \"><div class=\"wpb_wrapper\"><\/div><\/div><\/div><\/section>\n","protected":false},"excerpt":{"rendered":"LIVE - MEDIA\u00c7\u00c3O NA RECUPERA\u00c7\u00c3O DE EMPRESAS EM PAUTA, realizada no dia 20\/09\/2023. [youtube video=\"https:\/\/www.youtube.com\/watch?v=iB0zO44myUY\" autohide=\"Padr\u00e3o\"]Gostou deste conte\u00fado, deixe seu coment\u00e1rio e nos ajude a compartilhar e difundir a cultura desses temas no Brasil e no mundo. Consulte outros cursos e palestras oferecidos pela \u00a0ALGI Media\u00e7\u00e3o","protected":false},"author":1,"featured_media":25739,"comment_status":"open","ping_status":"open","sticky":false,"template":"","format":"standard","meta":{"footnotes":""},"categories":[63,4],"tags":[],"class_list":["post-28912","post","type-post","status-publish","format-standard","has-post-thumbnail","hentry","category-palestras","category-videos"],"_links":{"self":[{"href":"https:\/\/algimediacao.com.br\/2021\/wp-json\/wp\/v2\/posts\/28912","targetHints":{"allow":["GET"]}}],"collection":[{"href":"https:\/\/algimediacao.com.br\/2021\/wp-json\/wp\/v2\/posts"}],"about":[{"href":"https:\/\/algimediacao.com.br\/2021\/wp-json\/wp\/v2\/types\/post"}],"author":[{"embeddable":true,"href":"https:\/\/algimediacao.com.br\/2021\/wp-json\/wp\/v2\/users\/1"}],"replies":[{"embeddable":true,"href":"https:\/\/algimediacao.com.br\/2021\/wp-json\/wp\/v2\/comments?post=28912"}],"version-history":[{"count":3,"href":"https:\/\/algimediacao.com.br\/2021\/wp-json\/wp\/v2\/posts\/28912\/revisions"}],"predecessor-version":[{"id":29136,"href":"https:\/\/algimediacao.com.br\/2021\/wp-json\/wp\/v2\/posts\/28912\/revisions\/29136"}],"wp:featuredmedia":[{"embeddable":true,"href":"https:\/\/algimediacao.com.br\/2021\/wp-json\/wp\/v2\/media\/25739"}],"wp:attachment":[{"href":"https:\/\/algimediacao.com.br\/2021\/wp-json\/wp\/v2\/media?parent=28912"}],"wp:term":[{"taxonomy":"category","embeddable":true,"href":"https:\/\/algimediacao.com.br\/2021\/wp-json\/wp\/v2\/categories?post=28912"},{"taxonomy":"post_tag","embeddable":true,"href":"https:\/\/algimediacao.com.br\/2021\/wp-json\/wp\/v2\/tags?post=28912"}],"curies":[{"name":"wp","href":"https:\/\/api.w.org\/{rel}","templated":true}]}}