{"id":23245,"date":"2020-06-09T11:34:31","date_gmt":"2020-06-09T14:34:31","guid":{"rendered":"https:\/\/algimediacao.com.br\/2021\/?p=23245"},"modified":"2021-08-24T17:22:08","modified_gmt":"2021-08-24T20:22:08","slug":"escola-promove-curso-de-mediador-como-pessoa-e-profissional","status":"publish","type":"post","link":"https:\/\/algimediacao.com.br\/2021\/escola-promove-curso-de-mediador-como-pessoa-e-profissional\/","title":{"rendered":"ESCOLA PROMOVE CURSO DE MEDIADOR COMO PESSOA E PROFISSIONAL"},"content":{"rendered":"<section class=\"vc_row wpb_row vc_row-fluid  vc_custom_1507696989698\"><div class=\"wpb_column vc_column_container  col-xs-mobile-fullwidth\"><div class=\"vc_column-inner \"><div class=\"wpb_wrapper\"><div class=\"last-paragraph-no-margin\"><p>Parte do evento foi realizada nos dias 24, 25 e 26 de outubro \u00faltimo e ter\u00e1 seu encerramento no dia 1\u00ba de fevereiro do pr\u00f3ximo ano, na sede da ESA\/MG na Capital, totalizando 32 horas\/aula. O programa faz parte do curso de especializa\u00e7\u00e3o em L.L.M.* em Media\u00e7\u00e3o, Gest\u00e3o e Resolu\u00e7\u00e3o de Conflitos.<\/p>\n<p>Destina-se a explorar conte\u00fado te\u00f3rico e pr\u00e1tico para superar limita\u00e7\u00f5es pessoais e profissionais e desenvolver conhecimento, habilidades e atitudes para encontrar uma forma de trabalho adequada, que combine com o aluno, seu contexto e sua hist\u00f3ria.<\/p>\n<p>O curso est\u00e1 sendo ministrado pela advogada e professora Ana Luiza Isoldi, mediadora certificada pelo ICFML \u2013 IMI, Mestre em Direito do Estado pela PUC\/SP, Mestre em Negocia\u00e7\u00e3o e Media\u00e7\u00e3o pela IUKB, em Buenos Aires e s\u00f3cia da ALGI Media\u00e7\u00e3o e Treinamentos.<\/p>\n<p><strong><em>*L.L.M \u00e9 uma abrevia\u00e7\u00e3o do Latin Legum Magister, que significa Master of Laws. Trata-se de um diploma de p\u00f3s gradua\u00e7\u00e3o em Direito, reconhecido internacionalmente, destinado a advogados, muito \u00fatil aos que almejam uma carreira internacional.<\/em><\/strong><\/p>\n<p><span class=\"elementor-icon-list-text\">Fonte: Site da OAB ESA Minas Gerais<\/span><\/p>\n<\/div><\/div><\/div><\/div><\/section>\n","protected":false},"excerpt":{"rendered":"Parte do evento foi realizada nos dias 24, 25 e 26 de outubro \u00faltimo e ter\u00e1 seu encerramento no dia 1\u00ba de fevereiro do pr\u00f3ximo ano, na sede da ESA\/MG na Capital, totalizando 32 horas\/aula. O programa faz parte do curso de especializa\u00e7\u00e3o em L.L.M.* em Media\u00e7\u00e3o, Gest\u00e3o e Resolu\u00e7\u00e3o de Conflitos. Destina-se a explorar conte\u00fado te\u00f3rico e pr\u00e1tico para superar limita\u00e7\u00f5es pessoais e profissionais e desenvolver conhecimento, habilidades e atitudes para encontrar uma forma de trabalho adequada, que combine com o aluno, seu contexto e sua hist\u00f3ria. O curso est\u00e1 sendo ministrado pela advogada e professora Ana Luiza Isoldi, mediadora certificada pelo ICFML \u2013 IMI, Mestre em Direito do Estado pela PUC\/SP, Mestre em Negocia\u00e7\u00e3o e Media\u00e7\u00e3o pela IUKB, em Buenos Aires e s\u00f3cia da ALGI Media\u00e7\u00e3o e Treinamentos. *L.L.M \u00e9 uma abrevia\u00e7\u00e3o do Latin Legum Magister, que significa Master of Laws. Trata-se de um diploma de p\u00f3s gradua\u00e7\u00e3o em Direito, reconhecido internacionalmente, destinado a advogados, muito \u00fatil aos que almejam uma carreira internacional. Fonte: Site da OAB ESA Minas Gerais","protected":false},"author":1,"featured_media":23227,"comment_status":"open","ping_status":"open","sticky":false,"template":"","format":"standard","meta":{"footnotes":""},"categories":[1],"tags":[],"class_list":["post-23245","post","type-post","status-publish","format-standard","has-post-thumbnail","hentry","category-noticias"],"_links":{"self":[{"href":"https:\/\/algimediacao.com.br\/2021\/wp-json\/wp\/v2\/posts\/23245","targetHints":{"allow":["GET"]}}],"collection":[{"href":"https:\/\/algimediacao.com.br\/2021\/wp-json\/wp\/v2\/posts"}],"about":[{"href":"https:\/\/algimediacao.com.br\/2021\/wp-json\/wp\/v2\/types\/post"}],"author":[{"embeddable":true,"href":"https:\/\/algimediacao.com.br\/2021\/wp-json\/wp\/v2\/users\/1"}],"replies":[{"embeddable":true,"href":"https:\/\/algimediacao.com.br\/2021\/wp-json\/wp\/v2\/comments?post=23245"}],"version-history":[{"count":1,"href":"https:\/\/algimediacao.com.br\/2021\/wp-json\/wp\/v2\/posts\/23245\/revisions"}],"predecessor-version":[{"id":23246,"href":"https:\/\/algimediacao.com.br\/2021\/wp-json\/wp\/v2\/posts\/23245\/revisions\/23246"}],"wp:featuredmedia":[{"embeddable":true,"href":"https:\/\/algimediacao.com.br\/2021\/wp-json\/wp\/v2\/media\/23227"}],"wp:attachment":[{"href":"https:\/\/algimediacao.com.br\/2021\/wp-json\/wp\/v2\/media?parent=23245"}],"wp:term":[{"taxonomy":"category","embeddable":true,"href":"https:\/\/algimediacao.com.br\/2021\/wp-json\/wp\/v2\/categories?post=23245"},{"taxonomy":"post_tag","embeddable":true,"href":"https:\/\/algimediacao.com.br\/2021\/wp-json\/wp\/v2\/tags?post=23245"}],"curies":[{"name":"wp","href":"https:\/\/api.w.org\/{rel}","templated":true}]}}