{"id":23243,"date":"2020-06-09T11:38:54","date_gmt":"2020-06-09T14:38:54","guid":{"rendered":"https:\/\/algimediacao.com.br\/2021\/?p=23243"},"modified":"2021-08-24T17:19:08","modified_gmt":"2021-08-24T20:19:08","slug":"oab-jf-promove-coloquio-com-foco-na-mediacao-trabalhista","status":"publish","type":"post","link":"https:\/\/algimediacao.com.br\/2021\/oab-jf-promove-coloquio-com-foco-na-mediacao-trabalhista\/","title":{"rendered":"OAB\/JF PROMOVE COL\u00d3QUIO COM FOCO NA MEDIA\u00c7\u00c3O TRABALHISTA"},"content":{"rendered":"<section class=\"vc_row wpb_row vc_row-fluid  vc_custom_1507696989698\"><div class=\"wpb_column vc_column_container  col-xs-mobile-fullwidth\"><div class=\"vc_column-inner \"><div class=\"wpb_wrapper\"><div class=\"last-paragraph-no-margin\"><p>A OAB Juiz de Fora, por meio da Comiss\u00e3o de Media\u00e7\u00e3o e Concilia\u00e7\u00e3o, realizou, no dia 02 de mar\u00e7o, o Col\u00f3quio sobre Media\u00e7\u00e3o Trabalhista, no Audit\u00f3rio da Escola Superior de Advocacia (ESA).<br \/>\nA noite contou com a palestra da Advogada e Mediadora, Ana Luiza Isoldi, e da Advogada e Professora, Suzana Maria Paletta Guedes Moraes. O objetivo do evento foi abordar \u00e0s novas perspectivas da media\u00e7\u00e3o a partir da Reforma Trabalhista.<br \/>\nEstiveram presentes a Presidente da Comiss\u00e3o de Media\u00e7\u00e3o e Concilia\u00e7\u00e3o, Ivone Juscelina de Almeida; a Vice-Presidente, Andrea L\u00facia Horta e Silva; e os Membros, Jorge Augusto Ottoni Nobre de Oliveira, Fernando Guilhon e Marc\u00e9lia Evangelista.<\/p>\n<p><span class=\"elementor-icon-list-text\">Fonte: Site da OAB Minas Gerais Subse\u00e7\u00e3o Juiz de Fora<\/span><\/p>\n<\/div><\/div><\/div><\/div><\/section>\n","protected":false},"excerpt":{"rendered":"A OAB Juiz de Fora, por meio da Comiss\u00e3o de Media\u00e7\u00e3o e Concilia\u00e7\u00e3o, realizou, no dia 02 de mar\u00e7o, o Col\u00f3quio sobre Media\u00e7\u00e3o Trabalhista, no Audit\u00f3rio da Escola Superior de Advocacia (ESA). A noite contou com a palestra da Advogada e Mediadora, Ana Luiza Isoldi, e da Advogada e Professora, Suzana Maria Paletta Guedes Moraes. O objetivo do evento foi abordar \u00e0s novas perspectivas da media\u00e7\u00e3o a partir da Reforma Trabalhista. Estiveram presentes a Presidente da Comiss\u00e3o de Media\u00e7\u00e3o e Concilia\u00e7\u00e3o, Ivone Juscelina de Almeida; a Vice-Presidente, Andrea L\u00facia Horta e Silva; e os Membros, Jorge Augusto Ottoni Nobre de Oliveira, Fernando Guilhon e Marc\u00e9lia Evangelista. Fonte: Site da OAB Minas Gerais Subse\u00e7\u00e3o Juiz de Fora","protected":false},"author":1,"featured_media":23233,"comment_status":"open","ping_status":"open","sticky":false,"template":"","format":"standard","meta":{"footnotes":""},"categories":[1],"tags":[],"class_list":["post-23243","post","type-post","status-publish","format-standard","has-post-thumbnail","hentry","category-noticias"],"_links":{"self":[{"href":"https:\/\/algimediacao.com.br\/2021\/wp-json\/wp\/v2\/posts\/23243","targetHints":{"allow":["GET"]}}],"collection":[{"href":"https:\/\/algimediacao.com.br\/2021\/wp-json\/wp\/v2\/posts"}],"about":[{"href":"https:\/\/algimediacao.com.br\/2021\/wp-json\/wp\/v2\/types\/post"}],"author":[{"embeddable":true,"href":"https:\/\/algimediacao.com.br\/2021\/wp-json\/wp\/v2\/users\/1"}],"replies":[{"embeddable":true,"href":"https:\/\/algimediacao.com.br\/2021\/wp-json\/wp\/v2\/comments?post=23243"}],"version-history":[{"count":1,"href":"https:\/\/algimediacao.com.br\/2021\/wp-json\/wp\/v2\/posts\/23243\/revisions"}],"predecessor-version":[{"id":23244,"href":"https:\/\/algimediacao.com.br\/2021\/wp-json\/wp\/v2\/posts\/23243\/revisions\/23244"}],"wp:featuredmedia":[{"embeddable":true,"href":"https:\/\/algimediacao.com.br\/2021\/wp-json\/wp\/v2\/media\/23233"}],"wp:attachment":[{"href":"https:\/\/algimediacao.com.br\/2021\/wp-json\/wp\/v2\/media?parent=23243"}],"wp:term":[{"taxonomy":"category","embeddable":true,"href":"https:\/\/algimediacao.com.br\/2021\/wp-json\/wp\/v2\/categories?post=23243"},{"taxonomy":"post_tag","embeddable":true,"href":"https:\/\/algimediacao.com.br\/2021\/wp-json\/wp\/v2\/tags?post=23243"}],"curies":[{"name":"wp","href":"https:\/\/api.w.org\/{rel}","templated":true}]}}